{"id":4442,"date":"2024-09-19T17:05:04","date_gmt":"2024-09-19T15:05:04","guid":{"rendered":"https:\/\/zutun.info\/2024\/09\/19\/neues-grosses-vereins-logo\/"},"modified":"2025-03-27T22:43:32","modified_gmt":"2025-03-27T21:43:32","slug":"neues-grosses-vereins-logo","status":"publish","type":"post","link":"https:\/\/zutun.info\/de-ls\/2024\/09\/19\/neues-grosses-vereins-logo\/","title":{"rendered":"Neues gro\u00dfes Vereins-LOGO"},"content":{"rendered":"<div class=\"is-default-size wp-block-site-logo\"><a href=\"https:\/\/zutun.info\/de-ls\/\" class=\"custom-logo-link\" rel=\"home\"><img decoding=\"async\" src=\"https:\/\/zutun.info\/wp-content\/uploads\/2023\/10\/zutun-Verein-Leipzig-Logo.svg\" class=\"custom-logo\" alt=\"Logo des Vereins \u201aZutun Leipzig\u2018 mit stilisiertem Schriftzug und den Vereinsfarben Orange und Blau\" \/><\/a><\/div>\n<p><\/p>\n\n<p class=\"has-text-align-left\"><\/p>\n\n<h3 class=\"wp-block-heading has-text-align-left\"><strong><kbd>Der Zutun Verein wird endlich sichtbar<\/kbd><\/strong><\/h3>\n\n<p><\/p>\n\n<p>Lange konnten die vorbeigehenden Menschen nur ein kleines Bild von unserem tollen Vereins-Logo an der Fensterscheibe h\u00e4ngend sehen doch das ist nun vorbei.<\/p>\n\n<p>Wir freuen uns riesig \u00fcber das neue gro\u00dfe Poster des Logos und hoffen dadurch auch mehr Sichtbarkeit f\u00fcr unseren Verein aber auch f\u00fcr die Themen und f\u00fcr die wir uns einsetzen zu bekommen.<\/p>\n\n<p>Ein tolles Gruppenfoto ist dabei auch enstanden. \ud83d\ude42   <\/p>\n\n<p><\/p>\n\n<figure class=\"wp-block-image size-large is-resized\"><img loading=\"lazy\" decoding=\"async\" width=\"770\" height=\"1024\" src=\"https:\/\/zutun.info\/wp-content\/uploads\/2024\/09\/gruppe-1-770x1024.jpg\" alt=\"\" class=\"wp-image-3940\" style=\"width:535px;height:auto\" srcset=\"https:\/\/zutun.info\/wp-content\/uploads\/2024\/09\/gruppe-1-770x1024.jpg 770w, https:\/\/zutun.info\/wp-content\/uploads\/2024\/09\/gruppe-1-225x300.jpg 225w, https:\/\/zutun.info\/wp-content\/uploads\/2024\/09\/gruppe-1-768x1022.jpg 768w, https:\/\/zutun.info\/wp-content\/uploads\/2024\/09\/gruppe-1.jpg 962w\" sizes=\"auto, (max-width: 770px) 100vw, 770px\" \/><\/figure>\n\n<p><\/p>\n","protected":false},"excerpt":{"rendered":"<p>Der Zutun Verein wird endlich sichtbar Lange konnten die vorbeigehenden Menschen nur ein kleines Bild von unserem tollen Vereins-Logo an der Fensterscheibe h\u00e4ngend sehen doch das ist nun vorbei. Wir freuen uns riesig \u00fcber das neue gro\u00dfe Poster des Logos und hoffen dadurch auch mehr Sichtbarkeit f\u00fcr unseren Verein aber auch f\u00fcr die Themen und [&hellip;]<\/p>\n","protected":false},"author":5,"featured_media":4443,"comment_status":"open","ping_status":"open","sticky":false,"template":"","format":"standard","meta":{"footnotes":""},"categories":[1,63],"tags":[],"thema":[],"class_list":["post-4442","post","type-post","status-publish","format-standard","has-post-thumbnail","hentry","category-unkategorisiert","category-blog-de-ls"],"_links":{"self":[{"href":"https:\/\/zutun.info\/de-ls\/wp-json\/wp\/v2\/posts\/4442","targetHints":{"allow":["GET"]}}],"collection":[{"href":"https:\/\/zutun.info\/de-ls\/wp-json\/wp\/v2\/posts"}],"about":[{"href":"https:\/\/zutun.info\/de-ls\/wp-json\/wp\/v2\/types\/post"}],"author":[{"embeddable":true,"href":"https:\/\/zutun.info\/de-ls\/wp-json\/wp\/v2\/users\/5"}],"replies":[{"embeddable":true,"href":"https:\/\/zutun.info\/de-ls\/wp-json\/wp\/v2\/comments?post=4442"}],"version-history":[{"count":1,"href":"https:\/\/zutun.info\/de-ls\/wp-json\/wp\/v2\/posts\/4442\/revisions"}],"predecessor-version":[{"id":4444,"href":"https:\/\/zutun.info\/de-ls\/wp-json\/wp\/v2\/posts\/4442\/revisions\/4444"}],"wp:featuredmedia":[{"embeddable":true,"href":"https:\/\/zutun.info\/de-ls\/wp-json\/wp\/v2\/media\/4443"}],"wp:attachment":[{"href":"https:\/\/zutun.info\/de-ls\/wp-json\/wp\/v2\/media?parent=4442"}],"wp:term":[{"taxonomy":"category","embeddable":true,"href":"https:\/\/zutun.info\/de-ls\/wp-json\/wp\/v2\/categories?post=4442"},{"taxonomy":"post_tag","embeddable":true,"href":"https:\/\/zutun.info\/de-ls\/wp-json\/wp\/v2\/tags?post=4442"},{"taxonomy":"thema","embeddable":true,"href":"https:\/\/zutun.info\/de-ls\/wp-json\/wp\/v2\/thema?post=4442"}],"curies":[{"name":"wp","href":"https:\/\/api.w.org\/{rel}","templated":true}]}}