{"id":4393,"date":"2025-03-23T17:42:09","date_gmt":"2025-03-23T16:42:09","guid":{"rendered":"https:\/\/zutun.info\/?p=4393"},"modified":"2025-03-27T22:39:15","modified_gmt":"2025-03-27T21:39:15","slug":"neuer-trend-able-up","status":"publish","type":"post","link":"https:\/\/zutun.info\/de-ls\/2025\/03\/23\/neuer-trend-able-up\/","title":{"rendered":"BLOG-EINTRAG &#8211; Neuer Trend: &#8220;Able Up!&#8221;"},"content":{"rendered":"\n<p>Was w\u00e4re, wenn behinderte Schauspieler_innen mal nicht behinderte Rollen stereotypisch spielen w\u00fcrden? Dies geschieht in Rahmen der Kunstfreiheit. W\u00fcrden nicht behinderte Menschen \u00fcberhaupt erkennen ihre stereotypische Darstellung? Wenn ja, dann w\u00e4re der Aufschrei gro\u00df bei nicht behinderten Personen.<\/p>\n\n\n\n<p>Betrachten wir mal die Geschichten von behinderten Menschen in Filmen und Serien! Wie oft sind sie abh\u00e4ngig von anderen Personen? Wie oft ist ihre Charakter w\u00fctend oder traurig? Wie oft sind ihre Geschichten sehr einseitig? Mal abgesehen davon, werde ich auch nicht dargestellt. Wie viele Behinderungsarten habe Sie im Kopf? Da kann ich mich als behinderter Mensch fragen, wo ist meine Menschenw\u00fcrde?<\/p>\n\n\n\n<h2 class=\"wp-block-heading\"><br>Kunstfreiheit darf alles?!<\/h2>\n\n\n\n<p>Kunstfreiheit was in Grundgesetz unter dem Artikel 5 steht. Schon allein das Wort Freiheit wird gerne von vielen Menschen missbraucht. Viele denken sie k\u00f6nnen alles machen. Weil es ihn frei zu steht. Aber nein, Freiheit hat eine gewisse Verantwortung. Es gibt in politischen gesellschaftlichen Ebene zwei Bedeutung. Einmal das Aufbrechen von traditionellen Denkweisen, die Unterdr\u00fcckung verursachen und eine Unabh\u00e4ngigkeit verhindern. Dann die Verantwortung nehmen f\u00fcr den Erhalt keine wiederkehrende Unterdr\u00fcckung und Macht\u00fcbernahme aufkommen zu lassen.<\/p>\n\n\n\n<p>Dann gibt es noch den Artikel 18. Dieser Artikel h\u00e4lt eine Schranke vor, wenn die demokratischen Werte missachte werden. Was sind demokratische Werte? Das w\u00e4ren Freiheit, Gleichheit, Gerechtigkeit und Solidarit\u00e4t. Aber wo diese Werte f\u00fcr behinderte Menschen in Rahmen der Kunstfreiheit? Ist es gerecht eine stereotypiche Darstellung von Geschichten aus der behinderten Community und das Spielen der behinderten Rolle von nicht behinderten Schausspieler gespielt wird?<\/p>\n\n\n\n<p>Ist es wirklich Gleichheit, wenn man auf diskriminierter Weise lustig macht \u00fcber behinderter Menschen durch ableistische Sprache und Witze? Ist es solidarisch, wenn man behinderte Schauspieler oder Komiker auf die B\u00fchne stellt um sein Image auf aufzupolieren? Und von Freiheit will gleich mal nicht sprechen. Nur so viel \u2013 Wie viel Freiheit zu entscheiden hat ein behinderter K\u00fcnstler f\u00fcr das Annehmen eines Jobangebot?<\/p>\n\n\n\n<h2 class=\"wp-block-heading\"><br>Gibt es eine inklusive Kunstwelt?<\/h2>\n\n\n\n<p><br>Es gibt schon einige gute Ans\u00e4tze, die die Schauspielwelt ein bisschen ver\u00e4ndern wird. Aber leider ist es so das wir wieder r\u00fcckst\u00e4ndig werden. Wenn wieder mal alles gek\u00fcrzt wird an Gelder. Wohl man weiss ohne barrierefreie Zug\u00e4nge kommen wir nicht weiter. UN Behindertenrechtskonvention Artkel 30 \u2013 was Deutschland unterschieben hat vor \u00fcber 15 Jahren. Brauchen wir nicht alle ein bisschen wahre inklusive Vielfalt?<\/p>\n\n\n\n<p>Denn die Wahrheit ist doch. Das nicht behinderte Schauspieler \u00fcberhaupt kein Zugang zur behinderten Welt hat. Auch wenn sie sich informieren \u00fcber paar Tage. K\u00f6nnen sie nicht die Auswirkung von einen behinderten Leben sehen? Da sie keine Behinderung oder chronische Erkrankung haben. Es macht ein starken Unterschied, ob man mit einer Behinderung lebt oder sie dann am Drehschluss ablegt. Das gilt auch f\u00fcr die Gef\u00fchlswelt.<\/p>\n\n\n\n<h2 class=\"wp-block-heading\">Kunstfreiheit als Ausrede<\/h2>\n\n\n\n<p>W\u00e4re es nicht sch\u00f6n, den Kunstfreiheits-Artikel einmal zu \u00fcberarbeiten?! Wir m\u00fcssen uns doch fragen: Wie viel spiegelt in Wahrheit unsere Gesellschaft wider? Und dabei geht es nicht nur um Serien und Filme, sondern auch um Wissenschaft, Forschung und Pressefreiheit!<\/p>\n\n\n\n<p>Sollten wir nicht lieber ein so schwammiges Gesetz detaillierter beschreiben, um:<\/p>\n\n\n\n<ul class=\"wp-block-list\">\n<li>Diskriminierung zu beenden,<\/li>\n\n\n\n<li>Vielfalt auf allen Ebenen zu f\u00f6rdern,<\/li>\n\n\n\n<li>in Wissenschaft und Forschung alle Blickwinkel zu betrachten,<\/li>\n\n\n\n<li>&#8230; ?<\/li>\n<\/ul>\n\n\n\n<p>Daher m\u00fcssen wir uns als Gesellschaft mit dieser Frage auseinandersetzen.<\/p>\n\n\n\n<h2 class=\"wp-block-heading\">Glaube an Vielfalt<\/h2>\n\n\n\n<p>Ich glaube daran, dass Film und Serien eine sehr gute Wirkung auf unsere Gesellschaft haben. Denn ich gehe davon aus, dass \u2013 wie bei Kindern \u2013 die Schauspielwelt einen Nachahmungseffekt bewirken kann. Dadurch kann die Gesellschaft ein Bewusstsein f\u00fcr die sozialen und wirtschaftlichen Probleme von Minderheitsgruppen entwickeln.<\/p>\n\n\n\n<p>Darum w\u00fcnsche ich mir, dass endlich die wahre Vielfalt unserer Gesellschaft widergespiegelt wird.<\/p>\n\n\n\n<p>Steph.<\/p>\n\n\n\n<div class=\"wp-block-columns is-layout-flex wp-container-core-columns-is-layout-9d6595d7 wp-block-columns-is-layout-flex\">\n<div class=\"wp-block-column is-layout-flow wp-block-column-is-layout-flow\">\n<figure class=\"wp-block-image size-large\"><img loading=\"lazy\" decoding=\"async\" width=\"962\" height=\"1024\" src=\"https:\/\/zutun.info\/wp-content\/uploads\/2025\/03\/klein-berlinale-962x1024.jpg\" alt=\"Steph in roten Jacke steht vor dem Eingang zur Berlinale\" class=\"wp-image-4397\" srcset=\"https:\/\/zutun.info\/wp-content\/uploads\/2025\/03\/klein-berlinale-962x1024.jpg 962w, https:\/\/zutun.info\/wp-content\/uploads\/2025\/03\/klein-berlinale-282x300.jpg 282w, https:\/\/zutun.info\/wp-content\/uploads\/2025\/03\/klein-berlinale-768x817.jpg 768w, https:\/\/zutun.info\/wp-content\/uploads\/2025\/03\/klein-berlinale-1443x1536.jpg 1443w, https:\/\/zutun.info\/wp-content\/uploads\/2025\/03\/klein-berlinale-1320x1405.jpg 1320w, https:\/\/zutun.info\/wp-content\/uploads\/2025\/03\/klein-berlinale.jpg 1924w\" sizes=\"auto, (max-width: 962px) 100vw, 962px\" \/><figcaption class=\"wp-element-caption\">Wann hat Steph die Chance einen B\u00e4ren zu gewinnen ? ( Witz )<\/figcaption><\/figure>\n<\/div>\n<\/div>\n\n\n\n<p><\/p>\n","protected":false},"excerpt":{"rendered":"<p>Was w\u00e4re, wenn behinderte Schauspieler_innen mal nicht behinderte Rollen stereotypisch spielen w\u00fcrden? Dies geschieht in Rahmen der Kunstfreiheit. W\u00fcrden nicht behinderte Menschen \u00fcberhaupt erkennen ihre stereotypische Darstellung? Wenn ja, dann w\u00e4re der Aufschrei gro\u00df bei nicht behinderten Personen. Betrachten wir mal die Geschichten von behinderten Menschen in Filmen und Serien! Wie oft sind sie abh\u00e4ngig [&hellip;]<\/p>\n","protected":false},"author":5,"featured_media":4397,"comment_status":"open","ping_status":"open","sticky":false,"template":"","format":"standard","meta":{"footnotes":""},"categories":[8,1],"tags":[59,61,62],"thema":[21,46],"class_list":["post-4393","post","type-post","status-publish","format-standard","has-post-thumbnail","hentry","category-blog","category-unkategorisiert","tag-schauspiel","tag-kunstfreiheit","tag-gesellschaft","thema-ableismus","thema-aufklaerung"],"_links":{"self":[{"href":"https:\/\/zutun.info\/de-ls\/wp-json\/wp\/v2\/posts\/4393","targetHints":{"allow":["GET"]}}],"collection":[{"href":"https:\/\/zutun.info\/de-ls\/wp-json\/wp\/v2\/posts"}],"about":[{"href":"https:\/\/zutun.info\/de-ls\/wp-json\/wp\/v2\/types\/post"}],"author":[{"embeddable":true,"href":"https:\/\/zutun.info\/de-ls\/wp-json\/wp\/v2\/users\/5"}],"replies":[{"embeddable":true,"href":"https:\/\/zutun.info\/de-ls\/wp-json\/wp\/v2\/comments?post=4393"}],"version-history":[{"count":9,"href":"https:\/\/zutun.info\/de-ls\/wp-json\/wp\/v2\/posts\/4393\/revisions"}],"predecessor-version":[{"id":4440,"href":"https:\/\/zutun.info\/de-ls\/wp-json\/wp\/v2\/posts\/4393\/revisions\/4440"}],"wp:featuredmedia":[{"embeddable":true,"href":"https:\/\/zutun.info\/de-ls\/wp-json\/wp\/v2\/media\/4397"}],"wp:attachment":[{"href":"https:\/\/zutun.info\/de-ls\/wp-json\/wp\/v2\/media?parent=4393"}],"wp:term":[{"taxonomy":"category","embeddable":true,"href":"https:\/\/zutun.info\/de-ls\/wp-json\/wp\/v2\/categories?post=4393"},{"taxonomy":"post_tag","embeddable":true,"href":"https:\/\/zutun.info\/de-ls\/wp-json\/wp\/v2\/tags?post=4393"},{"taxonomy":"thema","embeddable":true,"href":"https:\/\/zutun.info\/de-ls\/wp-json\/wp\/v2\/thema?post=4393"}],"curies":[{"name":"wp","href":"https:\/\/api.w.org\/{rel}","templated":true}]}}